[{"@context":"https:\/\/schema.org\/","@type":"Article","@id":"https:\/\/www.vitale.cz\/barva-ukazuje-nasi-naladu\/#Article","mainEntityOfPage":"https:\/\/www.vitale.cz\/barva-ukazuje-nasi-naladu\/","headline":"Barva ukazuje na\u0161i n\u00e1ladu","name":"Barva ukazuje na\u0161i n\u00e1ladu","description":"Jak&Atilde;&copy; m&Atilde;&iexcl;te r&Atilde;&iexcl;di barvy? V&Aring;&iexcl;echny barvy si mysl&Atilde;&shy;m, &Aring;&frac34;e jsou velice kr&Atilde;&iexcl;sn&Atilde;&copy;. Proto&Aring;&frac34;e ka&Aring;&frac34;d&Atilde;&iexcl; barva n&Auml;&#8250;co vyza&Aring;&#8482;uje. Ka&Aring;&frac34;d&Atilde;&iexcl; barva n&Auml;&#8250;co pod sebou skr&Atilde;&frac12;v&Atilde;&iexcl;. Ka&Aring;&frac34;d&Atilde;&iexcl; barva m&Atilde;&iexcl; prost&Auml;&#8250; n&Auml;&#8250;jakou jinou mo&Aring;&frac34;nost. A ka&Aring;&frac34;d&Atilde;&iexcl; barva vlastn&Auml;&#8250; ur&Auml;uje i na&Aring;&iexcl;i n&Atilde;&iexcl;ladu, proto&Aring;&frac34;e t&Aring;&#8482;eba kdy&Aring;&frac34; jsme &Aring;&iexcl;patn&Auml;&#8250; nalad&Auml;&#8250;ni a nejsme zrovna v dobr&Atilde;&copy; kondici, tak opravdu hodn&Auml;&#8250; lid&Atilde;&shy; sah&Atilde;&iexcl; [&hellip;]","datePublished":"2023-07-23","dateModified":"2024-04-23","author":{"@type":"Person","@id":"https:\/\/www.vitale.cz\/author\/#Person","name":"","url":"https:\/\/www.vitale.cz\/author\/","identifier":1,"image":{"@type":"ImageObject","@id":"https:\/\/secure.gravatar.com\/avatar\/3064f57e4a87acc15ee08ce03d01afdc2a328e3d2da280f2bcfaabcbd486d62e?s=96&d=mm&r=g","url":"https:\/\/secure.gravatar.com\/avatar\/3064f57e4a87acc15ee08ce03d01afdc2a328e3d2da280f2bcfaabcbd486d62e?s=96&d=mm&r=g","height":96,"width":96}},"publisher":{"@type":"Organization","name":"vitale.cz","logo":{"@type":"ImageObject","@id":"\/logo.png","url":"\/logo.png","width":600,"height":60}},"image":{"@type":"ImageObject","@id":"https:\/\/www.vitale.cz\/wp-content\/uploads\/woman-4366034_1280_4.jpg","url":"https:\/\/www.vitale.cz\/wp-content\/uploads\/woman-4366034_1280_4.jpg","height":0,"width":0},"url":"https:\/\/www.vitale.cz\/barva-ukazuje-nasi-naladu\/","about":["M\u00f3da"],"wordCount":854,"articleBody":"Jak&Atilde;&copy; m&Atilde;&iexcl;te r&Atilde;&iexcl;di barvy? V&Aring;&iexcl;echny barvy si mysl&Atilde;&shy;m, &Aring;&frac34;e jsou velice kr&Atilde;&iexcl;sn&Atilde;&copy;. Proto&Aring;&frac34;e ka&Aring;&frac34;d&Atilde;&iexcl; barva n&Auml;&#8250;co vyza&Aring;&#8482;uje. Ka&Aring;&frac34;d&Atilde;&iexcl; barva n&Auml;&#8250;co pod sebou skr&Atilde;&frac12;v&Atilde;&iexcl;. Ka&Aring;&frac34;d&Atilde;&iexcl; barva m&Atilde;&iexcl; prost&Auml;&#8250; n&Auml;&#8250;jakou jinou mo&Aring;&frac34;nost. A ka&Aring;&frac34;d&Atilde;&iexcl; barva vlastn&Auml;&#8250; ur&Auml;uje i na&Aring;&iexcl;i n&Atilde;&iexcl;ladu, proto&Aring;&frac34;e t&Aring;&#8482;eba kdy&Aring;&frac34; jsme &Aring;&iexcl;patn&Auml;&#8250; nalad&Auml;&#8250;ni a nejsme zrovna v dobr&Atilde;&copy; kondici, tak opravdu hodn&Auml;&#8250; lid&Atilde;&shy; sah&Atilde;&iexcl; po &Auml;ern&Atilde;&copy; barv&Auml;&#8250;, ani&Aring;&frac34; bychom si to prost&Auml;&#8250; uv&Auml;&#8250;domili. J&Atilde;&iexcl; to tak popravd&Auml;&#8250; prost&Auml;&#8250; m&Atilde;&iexcl;m, proto&Aring;&frac34;e jsem takov&Atilde;&iexcl;, &Aring;&frac34;e kdy&Aring;&frac34; opravdu jsem rozzloben&Atilde;&iexcl;, na&Aring;&iexcl;tvan&Atilde;&iexcl; nebo nerv&Atilde;&sup3;zn&Atilde;&shy;, tak opravdu se d&Atilde;&shy;v&Atilde;&iexcl;m po &Auml;ern&Atilde;&copy; barv&Auml;&#8250;. J&Atilde;&iexcl; u&Aring;&frac34; to prost&Auml;&#8250; beru takov&Atilde;&copy; automaticky, ale pro n&Auml;&#8250;koho je to taky automaticky. Ale na druhou stranu je to t&Atilde;&shy;m, &Aring;&frac34;e jste rozzlobeni, ale kdy&Aring;&frac34; jste pozitivn&Auml;&#8250; nalad&Auml;&#8250;ni, tak u&Aring;&frac34; najednou v t&Atilde;&copy; sk&Aring;&#8482;&Atilde;&shy;ni n&Auml;&#8250;co mnohem v&Atilde;&shy;c pou&Aring;&frac34;ijete. &Aring;&#732;&Atilde;&shy;k&Atilde;&iexcl;te si, co si dneska oble&Auml;u, a u&Aring;&frac34; nad t&Atilde;&shy;m v&Atilde;&shy;c p&Aring;&#8482;em&Atilde;&frac12;&Aring;&iexcl;l&Atilde;&shy;te. Ono je to opravdu v&Aring;&iexcl;echno jenom o tom, jak se ten &Auml;lov&Auml;&#8250;k c&Atilde;&shy;t&Atilde;&shy;, proto&Aring;&frac34;e kdy&Aring;&frac34; se ten &Auml;lov&Auml;&#8250;k c&Atilde;&shy;t&Atilde;&shy; prost&Auml;&#8250; jinak, tak i sah&Atilde;&iexcl; po jin&Atilde;&copy; barv&Auml;&#8250;. Zkuste se n&Auml;&#8250;kdy t&Aring;&#8482;eba zamyslet nad t&Atilde;&shy;m, kdy&Aring;&frac34; opravdu si chcete n&Auml;&#8250;co obl&Atilde;&copy;ct. Tak zde nad t&Atilde;&shy;m p&Aring;&#8482;em&Atilde;&frac12;&Aring;&iexcl;l&Atilde;&shy;te, nebo ne? Proto&Aring;&frac34;e kdy&Aring;&frac34; ne, tak s&Atilde;&iexcl;hnete opravdu po t&Atilde;&copy; &Auml;ern&Atilde;&copy; barv&Auml;&#8250;, a ta je velice, velice opravdu takov&Atilde;&iexcl; &Aring;&iexcl;patn&Atilde;&iexcl;. U&Aring;&frac34; jenom t&Atilde;&shy;m, &Aring;&frac34;e je &Auml;ern&Atilde;&iexcl;. Samoz&Aring;&#8482;ejm&Auml;&#8250; nen&Atilde;&shy; to my&Aring;&iexcl;leno nic &Aring;&iexcl;patn&Atilde;&copy;ho, ale na druhou stranu ano, proto&Aring;&frac34;e kdy&Aring;&frac34; p&Aring;&macr;jdete rozzloben&Atilde;&shy;, tak ta &Auml;ern&Atilde;&iexcl; je prost&Auml;&#8250; takov&Atilde;&iexcl; negativn&Atilde;&shy; pro n&Atilde;&iexcl;s. Kdy&Aring;&frac34; ty barevn&Atilde;&copy; v&Auml;&#8250;ci v m&Atilde;&sup3;d&Auml;&#8250; jsou opravdu n&Auml;&#8250;co jin&Atilde;&copy;ho a vyza&Aring;&#8482;uje z n&Atilde;&iexcl;s &Atilde;&ordm;pln&Auml;&#8250; jin&Atilde;&frac12; rytmus toho &Aring;&frac34;ivota. Tak&Aring;&frac34;e v&Aring;&frac34;dycky si zkuste opravdu &Aring;&#8482;&Atilde;&shy;ct, &Aring;&frac34;e jdeme do t&Atilde;&copy; sk&Aring;&#8482;&Atilde;&shy;n&Auml;&#8250;. Jakou t&Aring;&#8482;eba m&Atilde;&iexcl;te n&Atilde;&iexcl;ladu? Proto&Aring;&frac34;e pokud jste na&Aring;&iexcl;tvan&Atilde;&shy;, tak uvid&Atilde;&shy;te, &Aring;&frac34;e p&Aring;&macr;jdete po t&Atilde;&copy; &Auml;ern&Atilde;&copy; barv&Auml;&#8250;, ale zkuste to zm&Auml;&#8250;nit, zkuste i p&Aring;&#8482;esto, &Aring;&frac34;e kdy&Aring;&frac34; budete na&Aring;&iexcl;tvan&Atilde;&shy;, vz&Atilde;&shy;t si prost&Auml;&#8250; jinou barvu, ale ne tu &Auml;ernou, proto&Aring;&frac34;e uvid&Atilde;&shy;te, &Aring;&frac34;e kdy&Aring;&frac34; se oble&Auml;ete do n&Auml;&#8250;&Auml;eho v&Atilde;&shy;c pozitivn&Atilde;&shy;ho, tak i vy budete mnohem v&Atilde;&shy;c pozitivn&Atilde;&shy;. Ka&Aring;&frac34;d&Atilde;&frac12; prost&Auml;&#8250; v &Aring;&frac34;ivot&Auml;&#8250; mus&Atilde;&shy; naj&Atilde;&shy;t tu svoji n&Atilde;&iexcl;ladovost a mus&Atilde;&shy; naj&Atilde;&shy;t to, co m&Atilde;&iexcl; v sob&Auml;&#8250; ukryto, proto&Aring;&frac34;e jakmile to o sob&Auml;&#8250; zjist&Atilde;&shy;te, tak u&Aring;&frac34; budete p&Aring;&#8482;esn&Auml;&#8250; v&Auml;&#8250;d&Auml;&#8250;t, kam do sk&Aring;&#8482;&Atilde;&shy;n&Auml;&#8250; p&Aring;&#8482;esn&Auml;&#8250; s&Atilde;&iexcl;hnout a pro jakou barvu.                                                                                                                                                                                                                                                                                                                                                                                        4.2\/5 - (6 votes)        Barva ukazuje na\u0161i n\u00e1ladu"},{"@context":"https:\/\/schema.org\/","@type":"BreadcrumbList","itemListElement":[{"@type":"ListItem","position":1,"name":"Barva ukazuje na\u0161i n\u00e1ladu","item":"https:\/\/www.vitale.cz\/barva-ukazuje-nasi-naladu\/#breadcrumbitem"}]}]