[{"@context":"https:\/\/schema.org\/","@type":"Article","@id":"https:\/\/www.vitale.cz\/funkcni-obleceni-v-zime-ocenite-jak-jej-ale-spravne-vybirat\/#Article","mainEntityOfPage":"https:\/\/www.vitale.cz\/funkcni-obleceni-v-zime-ocenite-jak-jej-ale-spravne-vybirat\/","headline":"Funk\u010dn\u00ed oble\u010den\u00ed v zim\u011b ocen\u00edte, jak jej ale spr\u00e1vn\u011b vyb\u00edrat?","name":"Funk\u010dn\u00ed oble\u010den\u00ed v zim\u011b ocen\u00edte, jak jej ale spr\u00e1vn\u011b vyb\u00edrat?","description":"Zima je v pln\u00e9m proudu a letos se m\u016f\u017eeme t\u011b\u0161it z pom\u011brn\u011b slu\u0161n\u00e9 sn\u011bhov\u00e9 nad\u00edlky. To sv\u00e1d\u00ed ke klasick\u00fdm zimn\u00edm sport\u016fm, jak se na n\u011b co nejl\u00e9pe p\u0159ipravit? Funk\u010dn\u00ed oble\u010den\u00ed v zim\u011b ocen\u00edte, jak jej ale spr\u00e1vn\u011b vyb\u00edrat? Nab\u00eddka funk\u010dn\u00edho oble\u010den\u00ed je na na\u0161em trhu obrovsk\u00e1 a nen\u00ed se \u010demu divit, toho oble\u010den\u00ed si z\u00edskalo [&hellip;]","datePublished":"2020-12-01","dateModified":"2020-12-01","author":{"@type":"Person","@id":"https:\/\/www.vitale.cz\/author\/#Person","name":"","url":"https:\/\/www.vitale.cz\/author\/","identifier":1,"image":{"@type":"ImageObject","@id":"https:\/\/secure.gravatar.com\/avatar\/3064f57e4a87acc15ee08ce03d01afdc2a328e3d2da280f2bcfaabcbd486d62e?s=96&d=mm&r=g","url":"https:\/\/secure.gravatar.com\/avatar\/3064f57e4a87acc15ee08ce03d01afdc2a328e3d2da280f2bcfaabcbd486d62e?s=96&d=mm&r=g","height":96,"width":96}},"publisher":{"@type":"Organization","name":"vitale.cz","logo":{"@type":"ImageObject","@id":"\/logo.png","url":"\/logo.png","width":600,"height":60}},"image":{"@type":"ImageObject","@id":"https:\/\/www.vitale.cz\/wp-content\/uploads\/pexels-photo-869258_1.jpeg","url":"https:\/\/www.vitale.cz\/wp-content\/uploads\/pexels-photo-869258_1.jpeg","height":0,"width":0},"url":"https:\/\/www.vitale.cz\/funkcni-obleceni-v-zime-ocenite-jak-jej-ale-spravne-vybirat\/","about":["N\u00e1kupy"],"wordCount":537,"articleBody":"         Zima je v pln\u00e9m proudu a letos se m\u016f\u017eeme t\u011b\u0161it z pom\u011brn\u011b slu\u0161n\u00e9 sn\u011bhov\u00e9 nad\u00edlky. To sv\u00e1d\u00ed ke klasick\u00fdm zimn\u00edm sport\u016fm, jak se na n\u011b co nejl\u00e9pe p\u0159ipravit? Funk\u010dn\u00ed oble\u010den\u00ed v zim\u011b ocen\u00edte, jak jej ale spr\u00e1vn\u011b vyb\u00edrat? Nab\u00eddka funk\u010dn\u00edho oble\u010den\u00ed je na na\u0161em trhu obrovsk\u00e1 a nen\u00ed se \u010demu divit, toho oble\u010den\u00ed si z\u00edskalo oblibu nejen v\u00e1\u0161niv\u00fdch sportovc\u016f, ale i v\u0161ech t\u011bch, kte\u0159\u00ed se r\u00e1di za ka\u017ed\u00e9ho po\u010das\u00ed c\u00edt\u00ed komfortn\u011b. Nejen pokud vyr\u00e1\u017e\u00edte s rodinou v zim\u011b na hory, ale i kdykoliv jindy se v\u00e1m oble\u010den\u00ed vyr\u00e1b\u011bn\u00e9 ze speci\u00e1ln\u00edho materi\u00e1lu bude hodit. Podle \u010deho funk\u010dn\u00ed oble\u010den\u00ed v obchodech vyb\u00edrat? Do ka\u017ed\u00e9ho po\u010das\u00ed a pro ka\u017ed\u00e9hoFunk\u010dn\u00ed oble\u010den\u00ed m\u016f\u017eeme vyb\u00edrat i podle toho, do kter\u00e9ho ro\u010dn\u00edho obdob\u00ed si jej po\u0159izujeme. Rozli\u0161uje se toti\u017e hustota vl\u00e1ken, ze kter\u00fdch je \u0161ito a oble\u010den\u00ed vhodn\u00e9 na l\u00e9to je ten\u010d\u00ed a m\u00e1 p\u0159edev\u0161\u00edm chr\u00e1nit t\u011blo od vlhkosti a potu. Zimn\u00ed funk\u010dn\u00ed oble\u010den\u00ed je jin\u00e9, krom\u011b toho, \u017ee spodn\u00ed vrstva m\u00e1 od t\u011bla odv\u00e1d\u011bt vlhkost prost\u0159edn\u00ed a svrchn\u00ed vrstvy maj\u00ed t\u011blo udr\u017eovat v teple. Je d\u016fle\u017eit\u00e9 nau\u010dit se spr\u00e1vn\u011b toto oble\u010den\u00ed vrstvit, zat\u00edmco v l\u00e9t\u011b si na b\u011bh oble\u010deme funk\u010dn\u00ed leg\u00edny a tri\u010dko, v zim\u011b je nutn\u00e9 spodn\u00ed vrchn\u00ed vrstvy vz\u00e1jemn\u011b kombinovat, aby byla funk\u010dnost oble\u010den\u00ed stoprocentn\u00ed. V p\u0159\u00edpad\u011b, \u017ee vyr\u00e1\u017e\u00edte na hory, ur\u010dit\u011b se vybavte po\u0159\u00e1dn\u011b. Spodn\u00edmi vrstvami funk\u010dn\u00edho oble\u010den\u00ed se rozum\u00ed t\u00edlka, podvl\u00edka\u010dky, leg\u00edny nebo spodn\u00ed pr\u00e1dlo. Mezi vrchn\u00ed vrstvy pak pat\u0159\u00ed bundy, mikiny, vesty, kalhoty a samoz\u0159ejm\u011b i ly\u017ea\u0159sk\u00e9 kalhoty nebo kalhoty na b\u011b\u017eky craft C-store. Pokud vhodn\u011b nakombinujete v\u0161echny vrstvy budete se c\u00edtit i v extr\u00e9mn\u00edch horsk\u00fdch podm\u00ednk\u00e1ch skv\u011ble a ur\u010dit\u011b neumrznete ani b\u011bhem celodenn\u00edch zimn\u00edch radov\u00e1nek na svahu nebo v lese na b\u011b\u017ek\u00e1ch. Oble\u010dte celou rodinuFunk\u010dnost oble\u010den\u00ed ocen\u00ed ur\u010dit\u011b i d\u011bti, kter\u00e9 se r\u00e1dy ve sn\u011bhu hraj\u00ed po cel\u00fd den. Ani p\u0159i stav\u011bn\u00ed sn\u011bhul\u00e1ka nebo koulov\u00e1n\u00ed jim ale nemus\u00ed b\u00fdt zima. V\u00fdhodou oble\u010den\u00ed je i to, \u017ee je v\u011btru vzdorn\u00e9 a vod\u011bodoln\u00e9. Odol\u00e1v\u00e1 opravdu t\u011bm nejhor\u0161\u00edm podm\u00ednk\u00e1m a zaru\u010duje, \u017ee se budete c\u00edtit skv\u011ble, a\u0165 u\u017e vykon\u00e1v\u00e1te jakoukoliv venkovn\u00ed aktivitu. Funk\u010dn\u00ed oble\u010den\u00ed je i velmi m\u00f3dn\u00ed a vyr\u00e1b\u00ed se v mnoha kr\u00e1sn\u00fdch barv\u00e1ch a modern\u00edch vzorech. I kdy\u017e tedy chcete vypadat skv\u011ble, m\u016f\u017eete po n\u011bm bez obav s\u00e1hnout.                                                                                                                                                                                                                                                                                                                                                                                           4.2\/5 - (4 votes)        Funk\u010dn\u00ed oble\u010den\u00ed v zim\u011b ocen\u00edte, jak jej ale spr\u00e1vn\u011b vyb\u00edrat?"},{"@context":"https:\/\/schema.org\/","@type":"BreadcrumbList","itemListElement":[{"@type":"ListItem","position":1,"name":"Funk\u010dn\u00ed oble\u010den\u00ed v zim\u011b ocen\u00edte, jak jej ale spr\u00e1vn\u011b vyb\u00edrat?","item":"https:\/\/www.vitale.cz\/funkcni-obleceni-v-zime-ocenite-jak-jej-ale-spravne-vybirat\/#breadcrumbitem"}]}]