[{"@context":"https:\/\/schema.org\/","@type":"Article","@id":"https:\/\/www.vitale.cz\/kresla-a-zavesy-ve-stejnem\/#Article","mainEntityOfPage":"https:\/\/www.vitale.cz\/kresla-a-zavesy-ve-stejnem\/","headline":"K\u0159esla a z\u00e1v\u011bsy ve stejn\u00e9m","name":"K\u0159esla a z\u00e1v\u011bsy ve stejn\u00e9m","description":"M\u00e1te interi\u00e9r ji\u017e n\u011bjakou dobu beze zm\u011bn, sezen\u00ed a k\u0159esla n\u011bkolik let, ur\u010dit\u011b sami posu\u010fte, jak cel\u00fd prostor osv\u011b\u017e\u00edte potahov\u00fdmi l\u00e1tkami a sedac\u00ed n\u00e1bytek tak z\u00edsk\u00e1te zcela nov\u00fd. Dopln\u00edte lehce i nov\u00e9 z\u00e1v\u011bsy a pol\u0161t\u00e1\u0159e a efekt slad\u011bn\u00ed oken a dekorac\u00ed V\u00e1m prom\u011bn\u00ed byt. Nen\u00ed to v\u016fbec n\u00e1ro\u010dn\u00e9 Doslova je to tak, pokud v\u00e1h\u00e1te, v\u011b\u0159te, [&hellip;]","datePublished":"2024-12-30","dateModified":"2024-12-30","author":{"@type":"Person","@id":"https:\/\/www.vitale.cz\/author\/#Person","name":"","url":"https:\/\/www.vitale.cz\/author\/","identifier":1,"image":{"@type":"ImageObject","@id":"https:\/\/secure.gravatar.com\/avatar\/3064f57e4a87acc15ee08ce03d01afdc2a328e3d2da280f2bcfaabcbd486d62e?s=96&d=mm&r=g","url":"https:\/\/secure.gravatar.com\/avatar\/3064f57e4a87acc15ee08ce03d01afdc2a328e3d2da280f2bcfaabcbd486d62e?s=96&d=mm&r=g","height":96,"width":96}},"publisher":{"@type":"Organization","name":"vitale.cz","logo":{"@type":"ImageObject","@id":"\/logo.png","url":"\/logo.png","width":600,"height":60}},"url":"https:\/\/www.vitale.cz\/kresla-a-zavesy-ve-stejnem\/","wordCount":193,"articleBody":" M\u00e1te interi\u00e9r ji\u017e n\u011bjakou dobu beze zm\u011bn, sezen\u00ed a k\u0159esla n\u011bkolik let, ur\u010dit\u011b sami posu\u010fte, jak cel\u00fd prostor osv\u011b\u017e\u00edte potahov\u00fdmi l\u00e1tkami a sedac\u00ed n\u00e1bytek tak z\u00edsk\u00e1te zcela nov\u00fd. Dopln\u00edte lehce i nov\u00e9 z\u00e1v\u011bsy a pol\u0161t\u00e1\u0159e a efekt slad\u011bn\u00ed oken a dekorac\u00ed V\u00e1m prom\u011bn\u00ed byt. Nen\u00ed to v\u016fbec n\u00e1ro\u010dn\u00e9 Doslova je to tak, pokud v\u00e1h\u00e1te, v\u011b\u0159te, \u017ee na\u0161e potahov\u00e9 l\u00e1tky zn\u00e1me dokonale. Ud\u011bl\u00e1me V\u00e1m n\u00e1vrh z vybran\u00e9 metr\u00e1\u017ee v\u010detn\u011b zpracov\u00e1n\u00ed i \u010daloun\u011bn\u00ed a oprav na m\u00edru. Spole\u010dn\u011b se tref\u00edme do materi\u00e1lu, kter\u00fd se hod\u00ed ke stylu Va\u0161eho n\u00e1bytku, a doporu\u010d\u00edme V\u00e1m \u00fadr\u017ebu. M\u00e1me ve\u0161kerou pot\u0159ebnou galanterii, nen\u00ed probl\u00e9m postupn\u011b doplnit a p\u0159idat n\u011bco z dekorac\u00ed ve stejn\u00e9m t\u00f3nu. V\u00e1\u0161 n\u00e1bytek u\u017e toti\u017e budeme zn\u00e1t, tak\u017ee s jakoukoli opravou se na n\u00e1s m\u016f\u017eete obr\u00e1tit.                                                                                                                                                                                                                                                                                                                                                                                                K\u0159esla a z\u00e1v\u011bsy ve stejn\u00e9m"},{"@context":"https:\/\/schema.org\/","@type":"BreadcrumbList","itemListElement":[{"@type":"ListItem","position":1,"name":"K\u0159esla a z\u00e1v\u011bsy ve stejn\u00e9m","item":"https:\/\/www.vitale.cz\/kresla-a-zavesy-ve-stejnem\/#breadcrumbitem"}]}]