[{"@context":"https:\/\/schema.org\/","@type":"Article","@id":"https:\/\/www.vitale.cz\/pratelstvi-s-muzi\/#Article","mainEntityOfPage":"https:\/\/www.vitale.cz\/pratelstvi-s-muzi\/","headline":"P\u0159\u00e1telstv\u00ed s mu\u017ei","name":"P\u0159\u00e1telstv\u00ed s mu\u017ei","description":"J\u00e1 v\u017edycky jsem si \u0159\u00edkala, jak\u00e9 to je, kdybych byla mu\u017e. Moje rodina mi \u0159\u00edk\u00e1, \u017ee jsem bl\u00e1zen, jestli mu m\u00e1m pr\u00fd j\u00edt k n\u011bjak\u00e9mu l\u00e9ka\u0159i nebo psychiatrovi, \u017ee pr\u00fd pr\u00fd st\u00e1le p\u0159em\u00fd\u0161l\u00edm nad t\u00edm, jak\u00e9 to je,\u00a0kdybych j\u00e1 byla mu\u017e. Jenom\u017ee co je na tom \u0161patn\u00e9ho? J\u00e1 si mysl\u00edm, \u017ee je to \u00fapln\u011b norm\u00e1ln\u00ed, [&hellip;]","datePublished":"2023-07-05","dateModified":"2023-07-05","author":{"@type":"Person","@id":"https:\/\/www.vitale.cz\/author\/#Person","name":"","url":"https:\/\/www.vitale.cz\/author\/","identifier":1,"image":{"@type":"ImageObject","@id":"https:\/\/secure.gravatar.com\/avatar\/3064f57e4a87acc15ee08ce03d01afdc2a328e3d2da280f2bcfaabcbd486d62e?s=96&d=mm&r=g","url":"https:\/\/secure.gravatar.com\/avatar\/3064f57e4a87acc15ee08ce03d01afdc2a328e3d2da280f2bcfaabcbd486d62e?s=96&d=mm&r=g","height":96,"width":96}},"publisher":{"@type":"Organization","name":"vitale.cz","logo":{"@type":"ImageObject","@id":"\/logo.png","url":"\/logo.png","width":600,"height":60}},"image":{"@type":"ImageObject","@id":"https:\/\/www.vitale.cz\/wp-content\/uploads\/pan-flute-2265253_1280.jpg","url":"https:\/\/www.vitale.cz\/wp-content\/uploads\/pan-flute-2265253_1280.jpg","height":0,"width":0},"url":"https:\/\/www.vitale.cz\/pratelstvi-s-muzi\/","about":["Mu\u017ei"],"wordCount":464,"articleBody":"J\u00e1 v\u017edycky jsem si \u0159\u00edkala, jak\u00e9 to je, kdybych byla mu\u017e. Moje rodina mi \u0159\u00edk\u00e1, \u017ee jsem bl\u00e1zen, jestli mu m\u00e1m pr\u00fd j\u00edt k n\u011bjak\u00e9mu l\u00e9ka\u0159i nebo psychiatrovi, \u017ee pr\u00fd pr\u00fd st\u00e1le p\u0159em\u00fd\u0161l\u00edm nad t\u00edm, jak\u00e9 to je,\u00a0kdybych j\u00e1 byla mu\u017e. Jenom\u017ee co je na tom \u0161patn\u00e9ho? J\u00e1 si mysl\u00edm, \u017ee je to \u00fapln\u011b norm\u00e1ln\u00ed, \u017ee t\u0159eba ka\u017ed\u00fd \u010dlov\u011bk p\u0159em\u00fd\u0161l\u00ed nad t\u00edm, jak\u00e9 by to bylo, kdyby m\u011bl jin\u00e9 pohlav\u00ed, proto\u017ee v dne\u0161n\u00ed dob\u011b je stra\u0161n\u011b popul\u00e1rn\u00ed, kdy\u017e lid\u00e9 t\u0159eba \u0159\u00edkaj\u00ed, \u017ee jsou nebin\u00e1rn\u00ed a podobn\u011b. Abych se p\u0159iznala, tak j\u00e1 m\u00e1m opravdu hodn\u011b p\u0159\u00e1tel, kte\u0159\u00ed jsou p\u00e1nov\u00e9. Jenom\u017ee nejhor\u0161\u00ed je, \u017ee j\u00e1 jsem nezadan\u00e1. A tak t\u0159eba kdy\u017e ke mn\u011b dom\u016f p\u0159ijde t\u0159eba n\u00e1v\u0161t\u011bva a jsou do toho t\u0159eba dva\u00a0p\u00e1nov\u00e9, opravdu jenom kamar\u00e1di, tak v\u017edycky se u n\u00e1s na vesnici za\u010dne \u0161u\u0161kat, \u017ee se sch\u00e1z\u00edm se dv\u011bma\u00a0mu\u017ei najednou anebo \u017ee u\u017e m\u00e1m partnera. P\u0159itom j\u00e1 jsem u\u017e \u0161est\u00fdm\u00a0rokem sama. V\u016fbec nikoho nem\u00e1m, nem\u00e1m \u017e\u00e1dn\u00e9ho partnera a s\u00a0nik\u00fdm se nesch\u00e1z\u00edm, ale stejn\u011b se tady o mn\u011b na vesnici \u0159\u00edk\u00e1, \u017ee jsem n\u011bjak\u00e1 divok\u00e1 \u017eena\u00a0a \u017ee si st\u00e1le dom\u016f tah\u00e1m n\u011bjak\u00e9 mu\u017ee. J\u00e1 m\u00e1m asi tak deset\u00a0nebo dvan\u00e1ct\u00a0p\u0159\u00e1tel a kte\u0159\u00ed jsou mu\u017ei. Zbytek jsou \u017eeny, a tak absolutn\u011b nech\u00e1pu, pro\u010d bych si j\u00e1 k sob\u011b dom\u016f nemohla pozvat kamar\u00e1dy, i kdy\u017e to u\u017e jsou mu\u017ei, jsou to p\u00e1nov\u00e9 norm\u00e1ln\u011b slu\u0161n\u00ed p\u00e1nov\u00e9, kte\u0159\u00ed jsou t\u0159eba zadan\u00ed. Nebo \u017eenat\u00ed anebo u\u017e maj\u00ed vlastn\u00ed rodiny, kolikr\u00e1t t\u0159eba za mnou tak\u00e9 p\u0159ijde rodina.\u00a0M\u016fj kamar\u00e1d se svou man\u017eelkou a v\u0161ichni t\u0159i\u00a0jsme kamar\u00e1di a v\u016fbec n\u00e1m to nevad\u00ed. Proto m\u011b tohle opravdu dr\u00e1s\u00e1 nervy, kdy\u017e si t\u0159eba n\u011bkdo mysl\u00ed, \u017ee m\u00e1m dva\u00a0nebo t\u0159i\u00a0milence, tady asi jde vid\u011bt, \u017ee v\u0161ichni ti star\u0161\u00ed lid\u00e9, ti d\u016fchodci si mysl\u00ed, \u017ee vlastn\u011b\u00a0p\u0159\u00e1telstv\u00ed mezi mu\u017eem a \u017eenou b\u00fdt nem\u016f\u017ee, jenom\u017ee u n\u00e1s jsou takhle je. Proto\u017ee j\u00e1 jsem vlastn\u011b vyr\u016fstala v ulici, kde byli sam\u00ed kluci a nem\u011bla jsem tam skoro \u017e\u00e1dnou kamar\u00e1dku, tak\u017ee na\u0161e p\u0159\u00e1telstv\u00ed s mu\u017ei n\u00e1m vydr\u017eelo. J\u00e1 samoz\u0159ejm\u011b na tom nevid\u00edm v\u016fbec nic \u0161patn\u00e9ho.\u00a0                                                                                                                                                                                                                                                                                                                                                                                        3\/5 - (1 vote)        P\u0159\u00e1telstv\u00ed s mu\u017ei"},{"@context":"https:\/\/schema.org\/","@type":"BreadcrumbList","itemListElement":[{"@type":"ListItem","position":1,"name":"P\u0159\u00e1telstv\u00ed s mu\u017ei","item":"https:\/\/www.vitale.cz\/pratelstvi-s-muzi\/#breadcrumbitem"}]}]