[{"@context":"https:\/\/schema.org\/","@type":"Article","@id":"https:\/\/www.vitale.cz\/sezona-pletenych-satu\/#Article","mainEntityOfPage":"https:\/\/www.vitale.cz\/sezona-pletenych-satu\/","headline":"Sez\u00f3na pleten\u00fdch \u0161at\u016f","name":"Sez\u00f3na pleten\u00fdch \u0161at\u016f","description":"L\u00e9to se s n\u00e1mi pomalu lou\u010d\u00ed, je\u0161t\u011b naposledy n\u00e1m zam\u00e1v\u00e1 sv\u00fdm bab\u00edm l\u00e9tem a pak n\u00e1m d\u00e1 zase na del\u0161\u00ed dobu sbohem. Kra\u0165\u00e1sky, tri\u010dka a lehk\u00e9 \u0161ati\u010dky odlo\u017e\u00edme dozadu do sk\u0159\u00edn\u011b, kde na n\u00e1s po\u010dkaj\u00ed do p\u0159\u00ed\u0161t\u00edho roku. Po hork\u00fdch dnes se pomalu t\u011b\u0161\u00edme na podzim a zimu, kdy se budeme moci zachumlat do m\u011bkou\u010dk\u00fdch [&hellip;]","datePublished":"2021-06-25","dateModified":"2023-06-09","author":{"@type":"Person","@id":"https:\/\/www.vitale.cz\/author\/#Person","name":"","url":"https:\/\/www.vitale.cz\/author\/","identifier":1,"image":{"@type":"ImageObject","@id":"https:\/\/secure.gravatar.com\/avatar\/3064f57e4a87acc15ee08ce03d01afdc2a328e3d2da280f2bcfaabcbd486d62e?s=96&d=mm&r=g","url":"https:\/\/secure.gravatar.com\/avatar\/3064f57e4a87acc15ee08ce03d01afdc2a328e3d2da280f2bcfaabcbd486d62e?s=96&d=mm&r=g","height":96,"width":96}},"publisher":{"@type":"Organization","name":"vitale.cz","logo":{"@type":"ImageObject","@id":"\/logo.png","url":"\/logo.png","width":600,"height":60}},"image":{"@type":"ImageObject","@id":"https:\/\/www.vitale.cz\/wp-content\/uploads\/%C5%BEeny%20na%20automobilu.jpeg","url":"https:\/\/www.vitale.cz\/wp-content\/uploads\/%C5%BEeny%20na%20automobilu.jpeg","height":0,"width":0},"url":"https:\/\/www.vitale.cz\/sezona-pletenych-satu\/","about":["N\u00e1kupy"],"wordCount":481,"articleBody":"     L\u00e9to se s n\u00e1mi pomalu lou\u010d\u00ed, je\u0161t\u011b naposledy n\u00e1m zam\u00e1v\u00e1 sv\u00fdm bab\u00edm l\u00e9tem a pak n\u00e1m d\u00e1 zase na del\u0161\u00ed dobu sbohem. Kra\u0165\u00e1sky, tri\u010dka a lehk\u00e9 \u0161ati\u010dky odlo\u017e\u00edme dozadu do sk\u0159\u00edn\u011b, kde na n\u00e1s po\u010dkaj\u00ed do p\u0159\u00ed\u0161t\u00edho roku. Po hork\u00fdch dnes se pomalu t\u011b\u0161\u00edme na podzim a zimu, kdy se budeme moci zachumlat do m\u011bkou\u010dk\u00fdch materi\u00e1l\u016f, svetr\u016f a dlouh\u00fdch kalhot, ale pozor mil\u00e9 d\u00e1my, \u0161at\u016f se vzd\u00e1vat p\u0159eci jen nemus\u00edme. Ty z n\u00e1s, kter\u00e9 maj\u00ed r\u00e1dy pr\u00e1v\u011b tento druh oble\u010den\u00ed a nejrad\u011bji jej nos\u00ed sice v l\u00e9t\u011b, mohou i na podzim a za\u010d\u00e1tkem zimy ud\u011blat je\u0161t\u011b spoustu par\u00e1dy, kdy\u017e si po\u0159\u00edd\u00ed teplej\u0161\u00ed verzi \u0161ati\u010dek.Podzim a zima je ide\u00e1ln\u00ed na to, abychom se zachumlali do pe\u0159in a do m\u011bkk\u00fdch, h\u0159ejiv\u00fdch l\u00e1tek.A pr\u00e1v\u011b v tomto obdob\u00ed p\u0159ich\u00e1z\u00ed na \u0159adu pleten\u00e9 \u0161aty https:\/\/www.mlada-moda.cz\/damska-moda\/saty\/pletene-upletove-svetrove.Pleten\u00e9, \u00fapletov\u00e9 i h\u00e1\u010dkov\u00e9 \u0161aty jsou velice vhodn\u00e9 do chladn\u011bj\u0161\u00edch dn\u00ed, kdy je po r\u00e1nu rosa na tr\u00e1v\u011b, nebo lehce zamrzl\u00e1 skla na automobilech. P\u0159id\u00e1me pun\u010do\u0161ky a m\u00e1me super outfit do pr\u00e1ce, do \u0161koly, do zam\u011bstn\u00e1n\u00ed, do kancel\u00e1\u0159e i na n\u00e1kupy do obchodu, na ve\u010de\u0159i s partnerem nebo na \u201ekaf\u010do\u201c \u010di sklenku v\u00edna s kamar\u00e1dkami. N\u011bkter\u00e9 druhy \u00fapletov\u00fdch \u0161at\u016f jsou dokonce tak lehounk\u00e9, \u017ee se daj\u00ed nosit i v l\u00e9t\u011b, ani\u017e by v\u00e1m bylo p\u0159\u00edli\u0161 velk\u00e9 vedro. Pokud zrovna nen\u00ed p\u0159es dvacet stup\u0148\u016f v noci a ve dne \u010dty\u0159icet, to jsou nejlep\u0161\u00ed mo\u017en\u00e1 tak plavky, v jin\u00fdch dnech je klidn\u011b m\u016f\u017eete vyu\u017e\u00edt. K dispozici jsou toti\u017e v r\u016fzn\u00fdch barv\u00e1ch, tak\u017ee si jist\u011b ka\u017ed\u00e1 \u017eena vybere, co se j\u00ed l\u00edb\u00ed a kter\u00fd kousek se j\u00ed nejv\u00edce bude hodit do \u0161atn\u00edku. Najdete zde produkty s kr\u00e1tk\u00fdm i dlouh\u00fdm ruk\u00e1vem. Jeliko\u017e se jedn\u00e1 o \u0161aty, v\u017edy je pot\u0159eba je vhodn\u011b sladit s dopl\u0148ky a boty. Obdob\u00ed teplej\u0161\u00edch \u0161ati\u010dek za\u010d\u00edn\u00e1, tak nezme\u0161kejte p\u0159\u00edle\u017eitost a po\u0159i\u010fte si n\u011bjak\u00fd kr\u00e1sn\u00fd kousek do sv\u00e9 sb\u00edrky, ve kter\u00e9m budete za hv\u011bzdu. Teplou\u010dk\u00fd a m\u011bkou\u010dk\u00fd materi\u00e1l, do kter\u00e9ho se v chladn\u00e9m r\u00e1nu hezky zachuml\u00e1me a uva\u0159\u00edme si hork\u00fd \u010daj nebo k\u00e1vu. I pokud je chladno si m\u016f\u017eeme u\u017e\u00edvat ka\u017ed\u00fd den a b\u00fdt spokojen\u00e9 s t\u00edm, jak se obl\u00e9k\u00e1me.                                                                                                                                                                                                                                                                                                                                                                                           4.7\/5 - (15 votes)        Sez\u00f3na pleten\u00fdch \u0161at\u016f"},{"@context":"https:\/\/schema.org\/","@type":"BreadcrumbList","itemListElement":[{"@type":"ListItem","position":1,"name":"Sez\u00f3na pleten\u00fdch \u0161at\u016f","item":"https:\/\/www.vitale.cz\/sezona-pletenych-satu\/#breadcrumbitem"}]}]