[{"@context":"https:\/\/schema.org\/","@type":"Article","@id":"https:\/\/www.vitale.cz\/ty-vysnene-a-nejkrasnejsi-saty\/#Article","mainEntityOfPage":"https:\/\/www.vitale.cz\/ty-vysnene-a-nejkrasnejsi-saty\/","headline":"Ty vysn\u011bn\u00e9 a nejkr\u00e1sn\u011bj\u0161\u00ed \u0161aty","name":"Ty vysn\u011bn\u00e9 a nejkr\u00e1sn\u011bj\u0161\u00ed \u0161aty","description":"Snad ka\u017ed\u00e1 nast\u00e1vaj\u00edc\u00ed nev\u011bsta si dlouho p\u0159ed svatebn\u00edm dnem klade mnoho ot\u00e1zek a po\u017eadavk\u016f ohledn\u011b vzhledu sv\u00fdch \u0161at\u016f. V\u0161echny do jedn\u00e9 cht\u011bj\u00ed b\u00fdt ve slavn\u00fd den jedine\u010dn\u00e9 a okouzluj\u00edc\u00ed, i kdy\u017e zrovna nemaj\u00ed ide\u00e1ln\u00ed m\u00edry manek\u00fdn. Pr\u00e1v\u011b pro n\u011b jsou p\u0159ipraveny svatebn\u00ed \u0161aty Praha, kter\u00e9 svoj\u00ed rozmanitost\u00ed a skv\u011bl\u00fdmi st\u0159ihy uspokoj\u00ed zaru\u010den\u011b ka\u017edou budouc\u00ed nev\u011bstu. [&hellip;]","datePublished":"2019-09-21","dateModified":"2023-06-09","author":{"@type":"Person","@id":"https:\/\/www.vitale.cz\/author\/#Person","name":"","url":"https:\/\/www.vitale.cz\/author\/","identifier":1,"image":{"@type":"ImageObject","@id":"https:\/\/secure.gravatar.com\/avatar\/3064f57e4a87acc15ee08ce03d01afdc2a328e3d2da280f2bcfaabcbd486d62e?s=96&d=mm&r=g","url":"https:\/\/secure.gravatar.com\/avatar\/3064f57e4a87acc15ee08ce03d01afdc2a328e3d2da280f2bcfaabcbd486d62e?s=96&d=mm&r=g","height":96,"width":96}},"publisher":{"@type":"Organization","name":"vitale.cz","logo":{"@type":"ImageObject","@id":"\/logo.png","url":"\/logo.png","width":600,"height":60}},"image":{"@type":"ImageObject","@id":"https:\/\/www.vitale.cz\/wp-content\/uploads\/img_a362347_w1793_t1575458929.jpg","url":"https:\/\/www.vitale.cz\/wp-content\/uploads\/img_a362347_w1793_t1575458929.jpg","height":0,"width":0},"url":"https:\/\/www.vitale.cz\/ty-vysnene-a-nejkrasnejsi-saty\/","about":["N\u00e1kupy"],"wordCount":390,"articleBody":"      Snad ka\u017ed\u00e1 nast\u00e1vaj\u00edc\u00ed nev\u011bsta si dlouho p\u0159ed svatebn\u00edm dnem klade mnoho ot\u00e1zek a po\u017eadavk\u016f ohledn\u011b vzhledu sv\u00fdch \u0161at\u016f. V\u0161echny do jedn\u00e9 cht\u011bj\u00ed b\u00fdt ve slavn\u00fd den jedine\u010dn\u00e9 a okouzluj\u00edc\u00ed, i kdy\u017e zrovna nemaj\u00ed ide\u00e1ln\u00ed m\u00edry manek\u00fdn. Pr\u00e1v\u011b pro n\u011b jsou p\u0159ipraveny svatebn\u00ed \u0161aty Praha, kter\u00e9 svoj\u00ed rozmanitost\u00ed a skv\u011bl\u00fdmi st\u0159ihy uspokoj\u00ed zaru\u010den\u011b ka\u017edou budouc\u00ed nev\u011bstu. V na\u0161em salonusvatebn\u00ed \u0161aty Praha, pracuje specializovan\u00fd t\u00fdm, kter\u00fd se postar\u00e1 o to, abyste vybrala model, kter\u00fd padne va\u0161emu typu i postav\u011b. N\u00e1vrhy svatebn\u00ed \u0161aty Praha poch\u00e1zej\u00edc\u00ed z d\u00edlny mlad\u00e9 kreativn\u00ed n\u00e1vrh\u00e1\u0159ky v\u00e1s okouzl\u00ed sv\u00fdmi st\u0159ihy, preferuj\u00edc\u00ed \u017eenskost a romantiku. Vyb\u00edrejte modely b\u011bhem p\u0159edem stanoven\u00fdch zkou\u0161ek v kr\u00e1sn\u00e9m a klidn\u00e9m prost\u0159ed\u00ed za asistence stylistek, kter\u00e9 p\u0159isp\u011bj\u00ed svoj\u00ed odbornou radou. Neob\u00e1vejte se n\u00e1s oslovit i v p\u0159\u00edpad\u011b va\u0161\u00ed ne zcela konfek\u010dn\u00ed velikosti. Disponujeme i modely ve velk\u00fdch velikostech a tak\u00e9 v\u00e1m \u0161aty r\u00e1di uprav\u00edme, nebo dokonce u\u0161ijeme zcela nov\u00fd model, dle va\u0161eho n\u00e1vrhu, nap\u0159\u00edklad podle fotografie, \u010di n\u00e1kresu.Pokud m\u00e1te pon\u011bkud omezen\u00fd rozpo\u010det na po\u0159\u00edzen\u00ed svatebn\u00ed r\u00f3by, i na tuto variantu jsme p\u0159ipraveni s nab\u00eddkou \u0161at\u016f ve v\u00fdprodeji, kter\u00e9 jsou st\u00e1le \u0161ik a bez zn\u00e1mek opot\u0159eben\u00ed. V na\u0161em pra\u017esk\u00e9m sal\u00f3nu dokonale obl\u00e9kneme tak\u00e9 va\u0161eho snoubence a nezapom\u00edn\u00e1me na dal\u0161\u00ed d\u016fle\u017eit\u00e9 osoby svatebn\u00edho dne, kter\u00fdmi jsou matky, sv\u011bdci a dru\u017ei\u010dky. I pro n\u011b m\u00e1me p\u0159ipravenou kr\u00e1snou kolekci zaj\u00edmav\u00fdch, i klasick\u00fdch \u0161at\u016f v pastelov\u00fdch barv\u00e1ch.Oslovte n\u00e1s prost\u0159ednictv\u00edm kontakt\u016f uveden\u00fdch na na\u0161ich str\u00e1nk\u00e1ch a domluvte si zkou\u0161ku. Sv\u011b\u0159te na\u0161emu salonu sv\u00e1 p\u0159\u00e1n\u00ed ohledn\u011b va\u0161\u00ed vysn\u011bn\u00e9 svatebn\u00ed r\u00f3by a my se dokonale postar\u00e1me o to, abyste o sv\u00e9m velk\u00e9m dnu byla skute\u010dn\u011b nep\u0159ehl\u00e9dnuteln\u00e1 a dechberouc\u00ed nev\u011bsta se v\u0161\u00edm, co k n\u00ed pat\u0159\u00ed.                                                                                                                                                                                                                                                                                                                                                                                           4.2\/5 - (9 votes)        Ty vysn\u011bn\u00e9 a nejkr\u00e1sn\u011bj\u0161\u00ed \u0161aty"},{"@context":"https:\/\/schema.org\/","@type":"BreadcrumbList","itemListElement":[{"@type":"ListItem","position":1,"name":"Ty vysn\u011bn\u00e9 a nejkr\u00e1sn\u011bj\u0161\u00ed \u0161aty","item":"https:\/\/www.vitale.cz\/ty-vysnene-a-nejkrasnejsi-saty\/#breadcrumbitem"}]}]