[{"@context":"https:\/\/schema.org\/","@type":"Article","@id":"https:\/\/www.vitale.cz\/veda-ktera-je-pro-nas-opravdu-vulezita\/#Article","mainEntityOfPage":"https:\/\/www.vitale.cz\/veda-ktera-je-pro-nas-opravdu-vulezita\/","headline":"V\u011bda, kter\u00e1 je pro n\u00e1s opravdu v\u016fle\u017eit\u00e1","name":"V\u011bda, kter\u00e1 je pro n\u00e1s opravdu v\u016fle\u017eit\u00e1","description":"V\u011bda pat\u0159\u00ed k\u00a0um\u011bn\u00ed nejr\u016fzn\u011bj\u0161\u00edho zkoum\u00e1n\u00ed, d\u00edky kter\u00e9mu se posouv\u00e1me v\u0161ichni d\u00e1le. Dnes u\u017e se v\u011bda d\u00e1 vyu\u017e\u00edvat opravdu v\u00a0jak\u00e9mkoli oboru. T\u00e9m\u011b\u0159 jak\u00fdkoli obor m\u00e1 dnes speci\u00e1ln\u00ed t\u00fdmy po cel\u00e9m sv\u011bt\u011b, kte\u0159\u00ed se staraj\u00ed o to, aby se v\u0161e posouvalo o spoustu level\u016f d\u00e1le a aby v\u0161e fungovalo nejen jak m\u00e1, ale mnohem l\u00e9pe, levn\u011bji, rychleji [&hellip;]","datePublished":"2023-01-03","dateModified":"2023-01-03","author":{"@type":"Person","@id":"https:\/\/www.vitale.cz\/author\/#Person","name":"","url":"https:\/\/www.vitale.cz\/author\/","identifier":1,"image":{"@type":"ImageObject","@id":"https:\/\/secure.gravatar.com\/avatar\/3064f57e4a87acc15ee08ce03d01afdc2a328e3d2da280f2bcfaabcbd486d62e?s=96&d=mm&r=g","url":"https:\/\/secure.gravatar.com\/avatar\/3064f57e4a87acc15ee08ce03d01afdc2a328e3d2da280f2bcfaabcbd486d62e?s=96&d=mm&r=g","height":96,"width":96}},"publisher":{"@type":"Organization","name":"vitale.cz","logo":{"@type":"ImageObject","@id":"\/logo.png","url":"\/logo.png","width":600,"height":60}},"image":{"@type":"ImageObject","@id":"https:\/\/www.vitale.cz\/wp-content\/uploads\/wormhole-g7f98fa32b_1920.jpg","url":"https:\/\/www.vitale.cz\/wp-content\/uploads\/wormhole-g7f98fa32b_1920.jpg","height":0,"width":0},"url":"https:\/\/www.vitale.cz\/veda-ktera-je-pro-nas-opravdu-vulezita\/","about":["V\u011bda"],"wordCount":448,"articleBody":"V\u011bda pat\u0159\u00ed k\u00a0um\u011bn\u00ed nejr\u016fzn\u011bj\u0161\u00edho zkoum\u00e1n\u00ed, d\u00edky kter\u00e9mu se posouv\u00e1me v\u0161ichni d\u00e1le. Dnes u\u017e se v\u011bda d\u00e1 vyu\u017e\u00edvat opravdu v\u00a0jak\u00e9mkoli oboru. T\u00e9m\u011b\u0159 jak\u00fdkoli obor m\u00e1 dnes speci\u00e1ln\u00ed t\u00fdmy po cel\u00e9m sv\u011bt\u011b, kte\u0159\u00ed se staraj\u00ed o to, aby se v\u0161e posouvalo o spoustu level\u016f d\u00e1le a aby v\u0161e fungovalo nejen jak m\u00e1, ale mnohem l\u00e9pe, levn\u011bji, rychleji a prost\u011b perfektn\u011b pro na\u0161i budoucnost. A\u010d se n\u00e1m to nemus\u00ed na prvn\u00ed pohled zd\u00e1t, n\u00e1\u0161 sv\u011bt se ka\u017edou vte\u0159inou m\u011bn\u00ed enormn\u011b dop\u0159edu, a proto je pro n\u00e1\u0161 sv\u011bt v\u011bda opravdu velmi d\u016fle\u017eit\u00e1. Jen v\u00a0na\u0161\u00ed republice jsme se za posledn\u00edch p\u00e1r let posunuli dop\u0159edu takov\u00fdm zp\u016fsobem, \u017ee jsme schopni za p\u00e1r let \u017e\u00edt naprosto mimozemsky. A co teprve jak v\u011bda postupuje ve sv\u011bt\u011b a jak\u00fdm zp\u016fsobem se m\u016f\u017eeme p\u0159ibl\u00ed\u017eit extr\u00e9mn\u011b modern\u00ed budoucnosti, o kter\u00e9 se n\u00e1m ani nesnilo. M\u011bli bychom si ve sv\u00e9m \u017eivot\u011b opravdu v\u00e1\u017eit nejr\u016fzn\u011bj\u0161\u00edch v\u011bd a lid\u00ed, kte\u0159\u00ed se zaj\u00edmaj\u00ed v\u00a0podstat\u011b o cokoli. Pokud nap\u0159\u00edklad zn\u00e1me n\u011bjak\u00e9 lidi, kte\u0159\u00ed se zaj\u00edmaj\u00ed o nejr\u016fzn\u011bj\u0161\u00ed v\u011bci a p\u0159ijdou n\u00e1m zvl\u00e1\u0161tn\u00ed, nem\u011bli bychom je za to odsuzovat, ale m\u011bli bychom je co nejv\u00edce podporovat. P\u0159eci jen kdy\u017e se zamysl\u00edme nad t\u00edm, \u017ee ka\u017ed\u00fd \u010dlov\u011bk m\u016f\u017ee do sv\u011bta p\u0159isp\u011bt n\u011b\u010d\u00edm opravdu kouzeln\u00fdm a hlavn\u011b pokrokov\u00fdm, m\u011bli bychom ka\u017ed\u00e9ho jen a jen podporovat. Ka\u017ed\u00fd \u010dlov\u011bk se i mal\u00fdm kr\u016f\u010dkem m\u016f\u017ee pod\u00edlet na v\u011bd\u011b a pom\u00e1hat cel\u00e9 na\u0161\u00ed populaci. Pod\u00edvejte se sami, jak\u00e9 t\u00e9ma v\u00e1s zaj\u00edm\u00e1 a chcete-li p\u0159isp\u011bt do na\u0161eho \u010di okoln\u00edho sv\u011bta, zaj\u00edmejte se, u\u010dte se a pokuste se vymyslet, jak n\u011bco zlep\u0161it. Opravdu ka\u017ed\u00fd mal\u00fd kr\u016f\u010dek se velmi po\u010d\u00edt\u00e1, proto je v\u011bda d\u016fle\u017eit\u00e1 naprosto u v\u0161ech a v\u00a0kter\u00e9mkoli oboru. V\u011bda dnes u\u017e zkoum\u00e1 naprosto cokoli, proto jsme tak \u00fa\u017easn\u00e1 rozvojov\u00e1 zem\u011b a cel\u00e1 populace jde z\u00a0minutu na minutu dop\u0159edu neuv\u011b\u0159iteln\u011b rychl\u00fdm zp\u016fsobem. U\u017e\u00edvejte si dne\u0161n\u00ed modern\u00ed dobu a t\u011b\u0161te se na nov\u011bj\u0161\u00ed z\u00edt\u0159ky, kter\u00e9 si zamilujete.                                                                                                                                                                                                                                                                                                                                                                                         4.3\/5 - (3 votes)        V\u011bda, kter\u00e1 je pro n\u00e1s opravdu v\u016fle\u017eit\u00e1"},{"@context":"https:\/\/schema.org\/","@type":"BreadcrumbList","itemListElement":[{"@type":"ListItem","position":1,"name":"V\u011bda, kter\u00e1 je pro n\u00e1s opravdu v\u016fle\u017eit\u00e1","item":"https:\/\/www.vitale.cz\/veda-ktera-je-pro-nas-opravdu-vulezita\/#breadcrumbitem"}]}]