{"@context":"https:\/\/schema.org\/","@type":"CollectionPage","@id":"https:\/\/www.vitale.cz\/veda\/#CollectionPage","headline":"V\u011bda Category","description":"","url":"https:\/\/www.vitale.cz\/veda\/","hasPart":[{"@type":"Article","@id":"https:\/\/www.vitale.cz\/bude-se-muset-lidstvo-jednou-odstehovat-ze-zeme\/","headline":"Bude se muset lidstvo jednou odst\u011bhovat ze Zem\u011b?","url":"https:\/\/www.vitale.cz\/bude-se-muset-lidstvo-jednou-odstehovat-ze-zeme\/","datePublished":"2023-07-23","dateModified":"2023-07-23","mainEntityOfPage":"https:\/\/www.vitale.cz\/bude-se-muset-lidstvo-jednou-odstehovat-ze-zeme\/","author":{"@type":"Person","@id":"https:\/\/www.vitale.cz\/author\/#Person","name":"","url":"https:\/\/www.vitale.cz\/author\/","identifier":1,"image":{"@type":"ImageObject","@id":"https:\/\/secure.gravatar.com\/avatar\/3064f57e4a87acc15ee08ce03d01afdc2a328e3d2da280f2bcfaabcbd486d62e?s=96&d=mm&r=g","url":"https:\/\/secure.gravatar.com\/avatar\/3064f57e4a87acc15ee08ce03d01afdc2a328e3d2da280f2bcfaabcbd486d62e?s=96&d=mm&r=g","height":96,"width":96}},"publisher":{"@type":"Organization","name":"vitale.cz","logo":{"@type":"ImageObject","@id":"\/logo.png","url":"\/logo.png","width":600,"height":60}},"image":{"@type":"ImageObject","@id":"https:\/\/www.vitale.cz\/wp-content\/uploads\/auto29_1.jpg","url":"https:\/\/www.vitale.cz\/wp-content\/uploads\/auto29_1.jpg","height":0,"width":0},"keywords":null},{"@type":"Article","@id":"https:\/\/www.vitale.cz\/jake-problemy-maji-kratkoleba-plemena-psu\/","headline":"Jak\u00e9 probl\u00e9my maj\u00ed kr\u00e1tkoleb\u00e1 plemena ps\u016f","url":"https:\/\/www.vitale.cz\/jake-problemy-maji-kratkoleba-plemena-psu\/","datePublished":"2023-06-20","dateModified":"2024-05-20","mainEntityOfPage":"https:\/\/www.vitale.cz\/jake-problemy-maji-kratkoleba-plemena-psu\/","author":{"@type":"Person","@id":"https:\/\/www.vitale.cz\/author\/#Person","name":"","url":"https:\/\/www.vitale.cz\/author\/","identifier":1,"image":{"@type":"ImageObject","@id":"https:\/\/secure.gravatar.com\/avatar\/3064f57e4a87acc15ee08ce03d01afdc2a328e3d2da280f2bcfaabcbd486d62e?s=96&d=mm&r=g","url":"https:\/\/secure.gravatar.com\/avatar\/3064f57e4a87acc15ee08ce03d01afdc2a328e3d2da280f2bcfaabcbd486d62e?s=96&d=mm&r=g","height":96,"width":96}},"publisher":{"@type":"Organization","name":"vitale.cz","logo":{"@type":"ImageObject","@id":"\/logo.png","url":"\/logo.png","width":600,"height":60}},"image":{"@type":"ImageObject","@id":"https:\/\/www.vitale.cz\/wp-content\/uploads\/pes2_5.jpg","url":"https:\/\/www.vitale.cz\/wp-content\/uploads\/pes2_5.jpg","height":0,"width":0},"keywords":null},{"@type":"Article","@id":"https:\/\/www.vitale.cz\/veda-ktera-je-pro-nas-opravdu-vulezita\/","headline":"V\u011bda, kter\u00e1 je pro n\u00e1s opravdu v\u016fle\u017eit\u00e1","url":"https:\/\/www.vitale.cz\/veda-ktera-je-pro-nas-opravdu-vulezita\/","datePublished":"2023-01-03","dateModified":"2023-01-03","mainEntityOfPage":"https:\/\/www.vitale.cz\/veda-ktera-je-pro-nas-opravdu-vulezita\/","author":{"@type":"Person","@id":"https:\/\/www.vitale.cz\/author\/#Person","name":"","url":"https:\/\/www.vitale.cz\/author\/","identifier":1,"image":{"@type":"ImageObject","@id":"https:\/\/secure.gravatar.com\/avatar\/3064f57e4a87acc15ee08ce03d01afdc2a328e3d2da280f2bcfaabcbd486d62e?s=96&d=mm&r=g","url":"https:\/\/secure.gravatar.com\/avatar\/3064f57e4a87acc15ee08ce03d01afdc2a328e3d2da280f2bcfaabcbd486d62e?s=96&d=mm&r=g","height":96,"width":96}},"publisher":{"@type":"Organization","name":"vitale.cz","logo":{"@type":"ImageObject","@id":"\/logo.png","url":"\/logo.png","width":600,"height":60}},"image":{"@type":"ImageObject","@id":"https:\/\/www.vitale.cz\/wp-content\/uploads\/wormhole-g7f98fa32b_1920.jpg","url":"https:\/\/www.vitale.cz\/wp-content\/uploads\/wormhole-g7f98fa32b_1920.jpg","height":0,"width":0},"keywords":null},{"@type":"Article","@id":"https:\/\/www.vitale.cz\/alpska-mumie\/","headline":"Alpsk\u00e1 mumie","url":"https:\/\/www.vitale.cz\/alpska-mumie\/","datePublished":"2022-02-16","dateModified":"2023-06-09","mainEntityOfPage":"https:\/\/www.vitale.cz\/alpska-mumie\/","author":{"@type":"Person","@id":"https:\/\/www.vitale.cz\/author\/#Person","name":"","url":"https:\/\/www.vitale.cz\/author\/","identifier":1,"image":{"@type":"ImageObject","@id":"https:\/\/secure.gravatar.com\/avatar\/3064f57e4a87acc15ee08ce03d01afdc2a328e3d2da280f2bcfaabcbd486d62e?s=96&d=mm&r=g","url":"https:\/\/secure.gravatar.com\/avatar\/3064f57e4a87acc15ee08ce03d01afdc2a328e3d2da280f2bcfaabcbd486d62e?s=96&d=mm&r=g","height":96,"width":96}},"publisher":{"@type":"Organization","name":"vitale.cz","logo":{"@type":"ImageObject","@id":"\/logo.png","url":"\/logo.png","width":600,"height":60}},"image":{"@type":"ImageObject","@id":"https:\/\/www.vitale.cz\/wp-content\/uploads\/otzi-geadabed28_640.jpg","url":"https:\/\/www.vitale.cz\/wp-content\/uploads\/otzi-geadabed28_640.jpg","height":0,"width":0},"keywords":null},{"@type":"Article","@id":"https:\/\/www.vitale.cz\/zajimava-veda\/","headline":"Zaj\u00edmav\u00e1 v\u011bda","url":"https:\/\/www.vitale.cz\/zajimava-veda\/","datePublished":"2022-01-24","dateModified":"2023-06-09","mainEntityOfPage":"https:\/\/www.vitale.cz\/zajimava-veda\/","author":{"@type":"Person","@id":"https:\/\/www.vitale.cz\/author\/#Person","name":"","url":"https:\/\/www.vitale.cz\/author\/","identifier":1,"image":{"@type":"ImageObject","@id":"https:\/\/secure.gravatar.com\/avatar\/3064f57e4a87acc15ee08ce03d01afdc2a328e3d2da280f2bcfaabcbd486d62e?s=96&d=mm&r=g","url":"https:\/\/secure.gravatar.com\/avatar\/3064f57e4a87acc15ee08ce03d01afdc2a328e3d2da280f2bcfaabcbd486d62e?s=96&d=mm&r=g","height":96,"width":96}},"publisher":{"@type":"Organization","name":"vitale.cz","logo":{"@type":"ImageObject","@id":"\/logo.png","url":"\/logo.png","width":600,"height":60}},"image":{"@type":"ImageObject","@id":"https:\/\/www.vitale.cz\/wp-content\/uploads\/pexels-august-de-richelieu-4260759_2.jpg","url":"https:\/\/www.vitale.cz\/wp-content\/uploads\/pexels-august-de-richelieu-4260759_2.jpg","height":0,"width":0},"keywords":null},{"@type":"Article","@id":"https:\/\/www.vitale.cz\/mohli-dinosauri-prezit-az-do-dnesnich-dob\/","headline":"Mohli dinosau\u0159i p\u0159e\u017e\u00edt a\u017e do dne\u0161n\u00edch dob?","url":"https:\/\/www.vitale.cz\/mohli-dinosauri-prezit-az-do-dnesnich-dob\/","datePublished":"2022-01-24","dateModified":"2022-01-24","mainEntityOfPage":"https:\/\/www.vitale.cz\/mohli-dinosauri-prezit-az-do-dnesnich-dob\/","author":{"@type":"Person","@id":"https:\/\/www.vitale.cz\/author\/#Person","name":"","url":"https:\/\/www.vitale.cz\/author\/","identifier":1,"image":{"@type":"ImageObject","@id":"https:\/\/secure.gravatar.com\/avatar\/3064f57e4a87acc15ee08ce03d01afdc2a328e3d2da280f2bcfaabcbd486d62e?s=96&d=mm&r=g","url":"https:\/\/secure.gravatar.com\/avatar\/3064f57e4a87acc15ee08ce03d01afdc2a328e3d2da280f2bcfaabcbd486d62e?s=96&d=mm&r=g","height":96,"width":96}},"publisher":{"@type":"Organization","name":"vitale.cz","logo":{"@type":"ImageObject","@id":"\/logo.png","url":"\/logo.png","width":600,"height":60}},"image":{"@type":"ImageObject","@id":"https:\/\/www.vitale.cz\/wp-content\/uploads\/dinosaur1.png","url":"https:\/\/www.vitale.cz\/wp-content\/uploads\/dinosaur1.png","height":0,"width":0},"keywords":null},{"@type":"Article","@id":"https:\/\/www.vitale.cz\/je-recyklovani-skutecne-tak-dobrym-resenim\/","headline":"Je recyklov\u00e1n\u00ed skute\u010dn\u011b tak dobr\u00fdm \u0159e\u0161en\u00edm?","url":"https:\/\/www.vitale.cz\/je-recyklovani-skutecne-tak-dobrym-resenim\/","datePublished":"2021-08-27","dateModified":"2023-06-09","mainEntityOfPage":"https:\/\/www.vitale.cz\/je-recyklovani-skutecne-tak-dobrym-resenim\/","author":{"@type":"Person","@id":"https:\/\/www.vitale.cz\/author\/#Person","name":"","url":"https:\/\/www.vitale.cz\/author\/","identifier":1,"image":{"@type":"ImageObject","@id":"https:\/\/secure.gravatar.com\/avatar\/3064f57e4a87acc15ee08ce03d01afdc2a328e3d2da280f2bcfaabcbd486d62e?s=96&d=mm&r=g","url":"https:\/\/secure.gravatar.com\/avatar\/3064f57e4a87acc15ee08ce03d01afdc2a328e3d2da280f2bcfaabcbd486d62e?s=96&d=mm&r=g","height":96,"width":96}},"publisher":{"@type":"Organization","name":"vitale.cz","logo":{"@type":"ImageObject","@id":"\/logo.png","url":"\/logo.png","width":600,"height":60}},"image":{"@type":"ImageObject","@id":"https:\/\/www.vitale.cz\/wp-content\/uploads\/recyklace1.jpg","url":"https:\/\/www.vitale.cz\/wp-content\/uploads\/recyklace1.jpg","height":0,"width":0},"keywords":null},{"@type":"Article","@id":"https:\/\/www.vitale.cz\/nuda-na-svatebni-hostinu-nepatri\/","headline":"Nuda na svatebn\u00ed hostinu nepat\u0159\u00ed","url":"https:\/\/www.vitale.cz\/nuda-na-svatebni-hostinu-nepatri\/","datePublished":"2018-12-21","dateModified":"2018-12-21","mainEntityOfPage":"https:\/\/www.vitale.cz\/nuda-na-svatebni-hostinu-nepatri\/","author":{"@type":"Person","@id":"https:\/\/www.vitale.cz\/author\/#Person","name":"","url":"https:\/\/www.vitale.cz\/author\/","identifier":1,"image":{"@type":"ImageObject","@id":"https:\/\/secure.gravatar.com\/avatar\/3064f57e4a87acc15ee08ce03d01afdc2a328e3d2da280f2bcfaabcbd486d62e?s=96&d=mm&r=g","url":"https:\/\/secure.gravatar.com\/avatar\/3064f57e4a87acc15ee08ce03d01afdc2a328e3d2da280f2bcfaabcbd486d62e?s=96&d=mm&r=g","height":96,"width":96}},"publisher":{"@type":"Organization","name":"vitale.cz","logo":{"@type":"ImageObject","@id":"\/logo.png","url":"\/logo.png","width":600,"height":60}},"image":{"@type":"ImageObject","@id":"https:\/\/www.vitale.cz\/wp-content\/uploads\/img_a333290_w1733_t1546635878.jpg","url":"https:\/\/www.vitale.cz\/wp-content\/uploads\/img_a333290_w1733_t1546635878.jpg","height":0,"width":0},"keywords":null}]}